{"id":1307,"date":"2026-03-12T16:48:12","date_gmt":"2026-03-12T16:48:12","guid":{"rendered":"https:\/\/blog.ligautismo.org\/?p=1307"},"modified":"2026-03-12T16:48:12","modified_gmt":"2026-03-12T16:48:12","slug":"12-anos-despues-por-que-como-familia-seguimos-ajustando-entornos-para-lograr-el-proyecto-de-vida-de-nuestro-hijo","status":"publish","type":"post","link":"https:\/\/blog.ligautismo.org\/en\/12-anos-despues-por-que-como-familia-seguimos-ajustando-entornos-para-lograr-el-proyecto-de-vida-de-nuestro-hijo\/","title":{"rendered":"12 a\u00f1os despu\u00e9s: \u00bfPor qu\u00e9 como familia seguimos ajustando entornos para lograr el proyecto de vida de nuestro hijo?"},"content":{"rendered":"<p><i><span style=\"font-weight: 400;\">Juan Jos\u00e9 cumpli\u00f3 recientemente 28 a\u00f1os. La cotidianidad a veces no nos permite notar c\u00f3mo pasa el tiempo, especialmente cuando gran parte de nuestra energ\u00eda como padres est\u00e1 enfocada en apoyar el proyecto de vida de un hijo con autismo. A diferencia de su hermana y su hermano, quienes ya han formado sus propias familias y moldean sus rumbos de forma independiente \u2014siempre atentos a \u00e9l\u2014 vemos c\u00f3mo Juan Jos\u00e9 camina hacia la adultez mientras nosotros tambi\u00e9n nos hacemos mayores.<\/span><\/i><\/p>\n<p><i><span style=\"font-weight: 400;\">Pasan los a\u00f1os y, a pesar de nuestro trabajo como familia en diferentes contextos para generar conciencia y garantizar derechos, persisten brechas profundas. Especialmente en procesos de educaci\u00f3n y formaci\u00f3n, as\u00ed como para su vinculaci\u00f3n laboral, la toma de conciencia de la comunidad parece estancada. Se habla mucho de inclusi\u00f3n, pero en la pr\u00e1ctica sigue pareciendo un favor. Siguen las excusas de \u201cno estar preparados\u201d, de \u201cas\u00ed es nuestro proceso\u201d o el tener que asumir costos en apoyos especializados para permitir la participaci\u00f3n, algo que est\u00e1 lejos de entenderse como un derecho.<\/span><\/i><\/p>\n<p><i><span style=\"font-weight: 400;\">Duele que, tras a\u00f1os de incidencia y de haber logrado que Juan Jos\u00e9 cursara su primaria y bachillerato en colegios regulares, las puertas se volvieran a cerrar en esta etapa de su vida. Nos dicen que es \u201cmejor con quienes ya han trabajado en espacios para personas con discapacidad o espec\u00edficamente en el espectro autista\u201d, perpetuando as\u00ed la segregaci\u00f3n. Por eso, como familia, nos resistimos. Ante la falta de espacios abiertos en artes pl\u00e1sticas, hemos tenido que dotar su propio taller. No aceptamos que Juan sea relegado a espacios segregados; hemos luchado para que est\u00e9 donde cualquier persona est\u00e1.<\/span><\/i><\/p>\n<p><i><span style=\"font-weight: 400;\">A\u00fan falta mucha pedagog\u00eda para reconocer al otro como un sujeto de la comunidad, m\u00e1s all\u00e1 de un diagn\u00f3stico. Sin embargo, tambi\u00e9n encontramos profesionales \u2014artistas, maestros\u2014 que, sin experiencia previa, est\u00e1n dispuestos a ser puentes. Ellos son quienes transforman pr\u00e1cticas y valores, entendiendo que todos somos parte de este mundo en igualdad de condiciones.<\/span><\/i><\/p>\n<p><i><span style=\"font-weight: 400;\">A ti, que como familia tambi\u00e9n has sentido el cansancio de luchar por ajustes en el mundo para que tu hijo participe en equidad, te invito a que siempre busquemos m\u00e1s de una opci\u00f3n. Sigamos exigiendo que nuestros hijos habiten los mismos lugares que cualquier ciudadano. Porque su derecho a pintar, a crear o a practicar un deporte es tan leg\u00edtimo como el de cualquier otro.<\/span><\/i><\/p>\n<p>&nbsp;<\/p>\n<p><b><i>Betty Roncancio Morales<\/i><\/b><\/p>\n<p><i><span style=\"font-weight: 400;\">Directora LICA<\/span><\/i><\/p>\n<p><br style=\"font-weight: 400;\" \/><br style=\"font-weight: 400;\" \/><\/p>","protected":false},"excerpt":{"rendered":"<p>Juan Jos\u00e9 cumpli\u00f3 recientemente 28 a\u00f1os. La cotidianidad a veces no nos permite notar c\u00f3mo pasa el tiempo, especialmente cuando gran parte de nuestra energ\u00eda como padres est\u00e1 enfocada en apoyar el proyecto de vida de un hijo con autismo. A diferencia de su hermana y su hermano, quienes ya han formado sus propias familias&hellip;<\/p>","protected":false},"author":1,"featured_media":1308,"comment_status":"open","ping_status":"open","sticky":false,"template":"","format":"standard","meta":{"footnotes":""},"categories":[1],"tags":[],"class_list":["post-1307","post","type-post","status-publish","format-standard","has-post-thumbnail","hentry","category-blog"],"_links":{"self":[{"href":"https:\/\/blog.ligautismo.org\/en\/wp-json\/wp\/v2\/posts\/1307","targetHints":{"allow":["GET"]}}],"collection":[{"href":"https:\/\/blog.ligautismo.org\/en\/wp-json\/wp\/v2\/posts"}],"about":[{"href":"https:\/\/blog.ligautismo.org\/en\/wp-json\/wp\/v2\/types\/post"}],"author":[{"embeddable":true,"href":"https:\/\/blog.ligautismo.org\/en\/wp-json\/wp\/v2\/users\/1"}],"replies":[{"embeddable":true,"href":"https:\/\/blog.ligautismo.org\/en\/wp-json\/wp\/v2\/comments?post=1307"}],"version-history":[{"count":1,"href":"https:\/\/blog.ligautismo.org\/en\/wp-json\/wp\/v2\/posts\/1307\/revisions"}],"predecessor-version":[{"id":1309,"href":"https:\/\/blog.ligautismo.org\/en\/wp-json\/wp\/v2\/posts\/1307\/revisions\/1309"}],"wp:featuredmedia":[{"embeddable":true,"href":"https:\/\/blog.ligautismo.org\/en\/wp-json\/wp\/v2\/media\/1308"}],"wp:attachment":[{"href":"https:\/\/blog.ligautismo.org\/en\/wp-json\/wp\/v2\/media?parent=1307"}],"wp:term":[{"taxonomy":"category","embeddable":true,"href":"https:\/\/blog.ligautismo.org\/en\/wp-json\/wp\/v2\/categories?post=1307"},{"taxonomy":"post_tag","embeddable":true,"href":"https:\/\/blog.ligautismo.org\/en\/wp-json\/wp\/v2\/tags?post=1307"}],"curies":[{"name":"wp","href":"https:\/\/api.w.org\/{rel}","templated":true}]}}